{"id":601,"date":"2017-12-15T14:23:41","date_gmt":"2017-12-15T13:23:41","guid":{"rendered":"https:\/\/laparrandadeteror.com\/web2019\/?p=601"},"modified":"2019-03-25T11:18:11","modified_gmt":"2019-03-25T10:18:11","slug":"13o-encuentro-de-villancicos-2017","status":"publish","type":"post","link":"https:\/\/laparrandadeteror.com\/web\/13o-encuentro-de-villancicos-2017\/","title":{"rendered":"13\u00ba ENCUENTRO DE VILLANCICOS. TEROR 2017"},"content":{"rendered":"<p>El pr\u00f3ximo mi\u00e9rcoles, 20 de diciembre de 2017, estaremos en la Bas\u00edlica del Pino a eso de las 20:00 horas junto a Los Medianeros, La Asociaci\u00f3n Virgen del Pino, La Parranda de Panchito, Harimaguada y La Agrupaci\u00f3n M\u00fasico-Vocal El Recinto. \u00a1Te esperamos!<\/p>\n","protected":false},"excerpt":{"rendered":"<p>El pr\u00f3ximo mi\u00e9rcoles, 20 de diciembre de 2017, estaremos en la Bas\u00edlica del Pino a eso de las 20:00 horas junto a Los Medianeros, La Asociaci\u00f3n Virgen del Pino, La Parranda de Panchito, Harimaguada y La Agrupaci\u00f3n M\u00fasico-Vocal El Recinto. \u00a1Te esperamos!<\/p>\n","protected":false},"author":1,"featured_media":0,"comment_status":"closed","ping_status":"closed","sticky":false,"template":"","format":"standard","meta":[],"categories":[2],"tags":[],"_links":{"self":[{"href":"https:\/\/laparrandadeteror.com\/web\/wp-json\/wp\/v2\/posts\/601"}],"collection":[{"href":"https:\/\/laparrandadeteror.com\/web\/wp-json\/wp\/v2\/posts"}],"about":[{"href":"https:\/\/laparrandadeteror.com\/web\/wp-json\/wp\/v2\/types\/post"}],"author":[{"embeddable":true,"href":"https:\/\/laparrandadeteror.com\/web\/wp-json\/wp\/v2\/users\/1"}],"replies":[{"embeddable":true,"href":"https:\/\/laparrandadeteror.com\/web\/wp-json\/wp\/v2\/comments?post=601"}],"version-history":[{"count":3,"href":"https:\/\/laparrandadeteror.com\/web\/wp-json\/wp\/v2\/posts\/601\/revisions"}],"predecessor-version":[{"id":1277,"href":"https:\/\/laparrandadeteror.com\/web\/wp-json\/wp\/v2\/posts\/601\/revisions\/1277"}],"wp:attachment":[{"href":"https:\/\/laparrandadeteror.com\/web\/wp-json\/wp\/v2\/media?parent=601"}],"wp:term":[{"taxonomy":"category","embeddable":true,"href":"https:\/\/laparrandadeteror.com\/web\/wp-json\/wp\/v2\/categories?post=601"},{"taxonomy":"post_tag","embeddable":true,"href":"https:\/\/laparrandadeteror.com\/web\/wp-json\/wp\/v2\/tags?post=601"}],"curies":[{"name":"wp","href":"https:\/\/api.w.org\/{rel}","templated":true}]}}