{"id":571,"date":"2014-05-05T14:14:10","date_gmt":"2014-05-05T12:14:10","guid":{"rendered":"https:\/\/laparrandadeteror.com\/web2019\/?p=571"},"modified":"2019-03-25T11:25:06","modified_gmt":"2019-03-25T10:25:06","slug":"fiesta-de-la-primavera-2014","status":"publish","type":"post","link":"https:\/\/laparrandadeteror.com\/web\/fiesta-de-la-primavera-2014\/","title":{"rendered":"TIENDA DE LA FUENTE AGRIA. FIESTA DE LA PRIMAVERA 2014"},"content":{"rendered":"<p>El pr\u00f3ximo s\u00e1bado 10 de mayo de 2014 estaremos amenizando la fiesta que el amigo Suso organiza en la Tienda de la Fuente Agria en Teror para celebrar la llegada del buen tiempo y la alegr\u00eda primaveral. Ser\u00e1 a partir de las 13 horas e incluso habr\u00e1 tiempo para disfrutar de la retransmisi\u00f3n del derbi canario Las Palmas-Tenerife. \u00a1Te esperamos!<\/p>\n","protected":false},"excerpt":{"rendered":"<p>El pr\u00f3ximo s\u00e1bado 10 de mayo de 2014 estaremos amenizando la fiesta que el amigo Suso organiza en la Tienda de la Fuente Agria en Teror para celebrar la llegada del buen tiempo y la alegr\u00eda primaveral. Ser\u00e1 a partir de las 13 horas e incluso habr\u00e1 tiempo para disfrutar de la retransmisi\u00f3n del derbi canario Las Palmas-Tenerife. \u00a1Te esperamos!<\/p>\n","protected":false},"author":1,"featured_media":0,"comment_status":"closed","ping_status":"closed","sticky":false,"template":"","format":"standard","meta":[],"categories":[2],"tags":[],"_links":{"self":[{"href":"https:\/\/laparrandadeteror.com\/web\/wp-json\/wp\/v2\/posts\/571"}],"collection":[{"href":"https:\/\/laparrandadeteror.com\/web\/wp-json\/wp\/v2\/posts"}],"about":[{"href":"https:\/\/laparrandadeteror.com\/web\/wp-json\/wp\/v2\/types\/post"}],"author":[{"embeddable":true,"href":"https:\/\/laparrandadeteror.com\/web\/wp-json\/wp\/v2\/users\/1"}],"replies":[{"embeddable":true,"href":"https:\/\/laparrandadeteror.com\/web\/wp-json\/wp\/v2\/comments?post=571"}],"version-history":[{"count":2,"href":"https:\/\/laparrandadeteror.com\/web\/wp-json\/wp\/v2\/posts\/571\/revisions"}],"predecessor-version":[{"id":1294,"href":"https:\/\/laparrandadeteror.com\/web\/wp-json\/wp\/v2\/posts\/571\/revisions\/1294"}],"wp:attachment":[{"href":"https:\/\/laparrandadeteror.com\/web\/wp-json\/wp\/v2\/media?parent=571"}],"wp:term":[{"taxonomy":"category","embeddable":true,"href":"https:\/\/laparrandadeteror.com\/web\/wp-json\/wp\/v2\/categories?post=571"},{"taxonomy":"post_tag","embeddable":true,"href":"https:\/\/laparrandadeteror.com\/web\/wp-json\/wp\/v2\/tags?post=571"}],"curies":[{"name":"wp","href":"https:\/\/api.w.org\/{rel}","templated":true}]}}