{"id":567,"date":"2013-12-24T14:13:19","date_gmt":"2013-12-24T13:13:19","guid":{"rendered":"https:\/\/laparrandadeteror.com\/web2019\/?p=567"},"modified":"2019-03-25T11:26:31","modified_gmt":"2019-03-25T10:26:31","slug":"pasacalles-de-villancicos-2014","status":"publish","type":"post","link":"https:\/\/laparrandadeteror.com\/web\/pasacalles-de-villancicos-2014\/","title":{"rendered":"PASACALLE DE VILLANCICOS. TEROR 2014"},"content":{"rendered":"<p>El pasado jueves 2 de enero, la Asociaci\u00f3n de Empresarios de Teror (ASETEROR) se puso en contacto con La Parranda de Teror, solicitando una actuaci\u00f3n para el acto que la asociaci\u00f3n celebra el s\u00e1bado 4 de enero en distintos puntos del casco hist\u00f3rico Terorense.<br \/>\nLa Parranda acepta gustosamente la propuesta de participar en esta iniciativa con m\u00e1s ganas que tiempo para enfrentarse a esta petici\u00f3n.<br \/>\nAsimismo, La Parranda comunica que ha decidido donar el importe percibido por esta actuaci\u00f3n a organizaciones de car\u00e1cter social, ben\u00e9fico y humanitario.<\/p>\n","protected":false},"excerpt":{"rendered":"<p>El pasado jueves 2 de enero, la Asociaci\u00f3n de Empresarios de Teror (ASETEROR) se puso en contacto con La Parranda de Teror, solicitando una actuaci\u00f3n para el acto que la asociaci\u00f3n celebra el s\u00e1bado 4 de enero en distintos puntos del casco hist\u00f3rico Terorense.La Parranda acepta gustosamente la propuesta de participar en esta iniciativa con m\u00e1s ganas que tiempo para enfrentarse a esta petici\u00f3n.Asimismo, La Parranda comunica que ha decidido donar el importe percibido por esta actuaci\u00f3n a organizaciones de car\u00e1cter social, ben\u00e9fico y humanitario.<\/p>\n","protected":false},"author":1,"featured_media":0,"comment_status":"closed","ping_status":"closed","sticky":false,"template":"","format":"standard","meta":[],"categories":[2],"tags":[],"_links":{"self":[{"href":"https:\/\/laparrandadeteror.com\/web\/wp-json\/wp\/v2\/posts\/567"}],"collection":[{"href":"https:\/\/laparrandadeteror.com\/web\/wp-json\/wp\/v2\/posts"}],"about":[{"href":"https:\/\/laparrandadeteror.com\/web\/wp-json\/wp\/v2\/types\/post"}],"author":[{"embeddable":true,"href":"https:\/\/laparrandadeteror.com\/web\/wp-json\/wp\/v2\/users\/1"}],"replies":[{"embeddable":true,"href":"https:\/\/laparrandadeteror.com\/web\/wp-json\/wp\/v2\/comments?post=567"}],"version-history":[{"count":2,"href":"https:\/\/laparrandadeteror.com\/web\/wp-json\/wp\/v2\/posts\/567\/revisions"}],"predecessor-version":[{"id":1538,"href":"https:\/\/laparrandadeteror.com\/web\/wp-json\/wp\/v2\/posts\/567\/revisions\/1538"}],"wp:attachment":[{"href":"https:\/\/laparrandadeteror.com\/web\/wp-json\/wp\/v2\/media?parent=567"}],"wp:term":[{"taxonomy":"category","embeddable":true,"href":"https:\/\/laparrandadeteror.com\/web\/wp-json\/wp\/v2\/categories?post=567"},{"taxonomy":"post_tag","embeddable":true,"href":"https:\/\/laparrandadeteror.com\/web\/wp-json\/wp\/v2\/tags?post=567"}],"curies":[{"name":"wp","href":"https:\/\/api.w.org\/{rel}","templated":true}]}}