{"id":476,"date":"2008-04-01T13:21:00","date_gmt":"2008-04-01T11:21:00","guid":{"rendered":"https:\/\/laparrandadeteror.com\/web2019\/?p=476"},"modified":"2019-03-25T11:48:39","modified_gmt":"2019-03-25T10:48:39","slug":"costumbres-y-tradiciones-en-vecindario-2008","status":"publish","type":"post","link":"https:\/\/laparrandadeteror.com\/web\/costumbres-y-tradiciones-en-vecindario-2008\/","title":{"rendered":"COSTUMBRES Y TRADICIONES. VECINDARIO 2008"},"content":{"rendered":"<p>El pasado jueves 10 de abril, en el teatro V\u00edctor Jara, la Parranda colabor\u00f3 en un emotivo encuentro de varios Centros Ocupacionales de Gran Canaria, organizado por APROSU. El centro de Teror represent\u00f3 la aparici\u00f3n de la Virgen del Pino y se recre\u00f3 la Romer\u00eda del 7 de septiembre.<\/p>\n","protected":false},"excerpt":{"rendered":"<p>El pasado jueves 10 de abril, en el teatro V\u00edctor Jara, la Parranda colabor\u00f3 en un emotivo encuentro de varios Centros Ocupacionales de Gran Canaria, organizado por APROSU. El centro de Teror represent\u00f3 la aparici\u00f3n de la Virgen del Pino y se recre\u00f3 la Romer\u00eda del 7 de septiembre.<\/p>\n","protected":false},"author":1,"featured_media":0,"comment_status":"closed","ping_status":"closed","sticky":false,"template":"","format":"standard","meta":[],"categories":[2],"tags":[],"_links":{"self":[{"href":"https:\/\/laparrandadeteror.com\/web\/wp-json\/wp\/v2\/posts\/476"}],"collection":[{"href":"https:\/\/laparrandadeteror.com\/web\/wp-json\/wp\/v2\/posts"}],"about":[{"href":"https:\/\/laparrandadeteror.com\/web\/wp-json\/wp\/v2\/types\/post"}],"author":[{"embeddable":true,"href":"https:\/\/laparrandadeteror.com\/web\/wp-json\/wp\/v2\/users\/1"}],"replies":[{"embeddable":true,"href":"https:\/\/laparrandadeteror.com\/web\/wp-json\/wp\/v2\/comments?post=476"}],"version-history":[{"count":2,"href":"https:\/\/laparrandadeteror.com\/web\/wp-json\/wp\/v2\/posts\/476\/revisions"}],"predecessor-version":[{"id":1539,"href":"https:\/\/laparrandadeteror.com\/web\/wp-json\/wp\/v2\/posts\/476\/revisions\/1539"}],"wp:attachment":[{"href":"https:\/\/laparrandadeteror.com\/web\/wp-json\/wp\/v2\/media?parent=476"}],"wp:term":[{"taxonomy":"category","embeddable":true,"href":"https:\/\/laparrandadeteror.com\/web\/wp-json\/wp\/v2\/categories?post=476"},{"taxonomy":"post_tag","embeddable":true,"href":"https:\/\/laparrandadeteror.com\/web\/wp-json\/wp\/v2\/tags?post=476"}],"curies":[{"name":"wp","href":"https:\/\/api.w.org\/{rel}","templated":true}]}}