{"id":474,"date":"2008-03-20T13:20:26","date_gmt":"2008-03-20T12:20:26","guid":{"rendered":"https:\/\/laparrandadeteror.com\/web2019\/?p=474"},"modified":"2019-03-25T11:51:31","modified_gmt":"2019-03-25T10:51:31","slug":"la-parranda-de-teror-en-tenderete-2008-2","status":"publish","type":"post","link":"https:\/\/laparrandadeteror.com\/web\/la-parranda-de-teror-en-tenderete-2008-2\/","title":{"rendered":"LA PARRANDA DE TEROR, EN TENDERETE. 2008"},"content":{"rendered":"<p>Este viernes, 28 de marzo, La Parranda actuar\u00e1 en la grabaci\u00f3n del programa Tenderete, de la Televisi\u00f3n Auton\u00f3mica. Pr\u00f3ximamente anunciaremos la fecha de su emisi\u00f3n.<\/p>\n","protected":false},"excerpt":{"rendered":"<p>Este viernes, 28 de marzo, La Parranda actuar\u00e1 en la grabaci\u00f3n del programa Tenderete, de la Televisi\u00f3n Auton\u00f3mica. Pr\u00f3ximamente anunciaremos la fecha de su emisi\u00f3n.<\/p>\n","protected":false},"author":1,"featured_media":0,"comment_status":"closed","ping_status":"closed","sticky":false,"template":"","format":"standard","meta":[],"categories":[2],"tags":[],"_links":{"self":[{"href":"https:\/\/laparrandadeteror.com\/web\/wp-json\/wp\/v2\/posts\/474"}],"collection":[{"href":"https:\/\/laparrandadeteror.com\/web\/wp-json\/wp\/v2\/posts"}],"about":[{"href":"https:\/\/laparrandadeteror.com\/web\/wp-json\/wp\/v2\/types\/post"}],"author":[{"embeddable":true,"href":"https:\/\/laparrandadeteror.com\/web\/wp-json\/wp\/v2\/users\/1"}],"replies":[{"embeddable":true,"href":"https:\/\/laparrandadeteror.com\/web\/wp-json\/wp\/v2\/comments?post=474"}],"version-history":[{"count":1,"href":"https:\/\/laparrandadeteror.com\/web\/wp-json\/wp\/v2\/posts\/474\/revisions"}],"predecessor-version":[{"id":1350,"href":"https:\/\/laparrandadeteror.com\/web\/wp-json\/wp\/v2\/posts\/474\/revisions\/1350"}],"wp:attachment":[{"href":"https:\/\/laparrandadeteror.com\/web\/wp-json\/wp\/v2\/media?parent=474"}],"wp:term":[{"taxonomy":"category","embeddable":true,"href":"https:\/\/laparrandadeteror.com\/web\/wp-json\/wp\/v2\/categories?post=474"},{"taxonomy":"post_tag","embeddable":true,"href":"https:\/\/laparrandadeteror.com\/web\/wp-json\/wp\/v2\/tags?post=474"}],"curies":[{"name":"wp","href":"https:\/\/api.w.org\/{rel}","templated":true}]}}