{"id":470,"date":"2007-03-30T13:16:39","date_gmt":"2007-03-30T11:16:39","guid":{"rendered":"https:\/\/laparrandadeteror.com\/web2019\/?p=470"},"modified":"2019-03-25T11:53:01","modified_gmt":"2019-03-25T10:53:01","slug":"la-parranda-de-teror-acompanara-este-ano-a-la-carreta-del-municipio-en-la-romeria-del-pino-2007","status":"publish","type":"post","link":"https:\/\/laparrandadeteror.com\/web\/la-parranda-de-teror-acompanara-este-ano-a-la-carreta-del-municipio-en-la-romeria-del-pino-2007\/","title":{"rendered":"LA PARRANDA DE TEROR ACOMPA\u00d1AR\u00c1 ESTE A\u00d1O A LA CARRETA DEL MUNICIPIO EN LA ROMER\u00cdA DEL PINO 2007"},"content":{"rendered":"<p>El Ayuntamiento de Teror ha elegido este a\u00f1o como tema de la carreta que representar\u00e1 al municipio en la Romer\u00eda del Pino el 400 aniversario de la Bajada de la Imagen de la Virgen del Pino a Las Palmas de Gran Canaria, con ocasi\u00f3n de su celebraci\u00f3n el pasado 18 de marzo.<br \/>\nLa conmemoraci\u00f3n de este aniversario se identificar\u00e1 en la carreta con una r\u00e9plica de la Litera original de la Virgen, que se transportar\u00e1 como elemento principal, y a la que acompa\u00f1ar\u00e1n la ofrenda de productos del municipio (chorizos, morcillas, papas, gofio, turrones, dulces, frutas, verduras) decorada con flores.<br \/>\nLa r\u00e9plica de la Litera con la que antiguamente se trasladaba la Imagen de la Virgen a la capital ha sido realizada por el artesano carpintero Jos\u00e9 Antonio Rodr\u00edguez y el bordador Francisco Herrera, con motivo de una recreaci\u00f3n hist\u00f3rica de las Bajadas, que tuvo lugar el pasado mes de abril en las Jornadas municipales de Patrimonio Hist\u00f3rico con motivo de la celebraci\u00f3n del aniversario.<br \/>\nLa carreta de Teror ha sido dise\u00f1ada por Enrique Lasso y estar\u00e1 acompa\u00f1ada por la agrupaci\u00f3n musical la Parranda de Teror y el grupo de baile de El \u00c1lamo.<\/p>\n","protected":false},"excerpt":{"rendered":"<p>La carreta de Teror ha sido dise\u00f1ada por Enrique Lasso y estar\u00e1 acompa\u00f1ada por la agrupaci\u00f3n musical la Parranda de Teror y el grupo de baile de El \u00c1lamo.<\/p>\n","protected":false},"author":1,"featured_media":0,"comment_status":"closed","ping_status":"closed","sticky":false,"template":"","format":"standard","meta":[],"categories":[2],"tags":[],"_links":{"self":[{"href":"https:\/\/laparrandadeteror.com\/web\/wp-json\/wp\/v2\/posts\/470"}],"collection":[{"href":"https:\/\/laparrandadeteror.com\/web\/wp-json\/wp\/v2\/posts"}],"about":[{"href":"https:\/\/laparrandadeteror.com\/web\/wp-json\/wp\/v2\/types\/post"}],"author":[{"embeddable":true,"href":"https:\/\/laparrandadeteror.com\/web\/wp-json\/wp\/v2\/users\/1"}],"replies":[{"embeddable":true,"href":"https:\/\/laparrandadeteror.com\/web\/wp-json\/wp\/v2\/comments?post=470"}],"version-history":[{"count":1,"href":"https:\/\/laparrandadeteror.com\/web\/wp-json\/wp\/v2\/posts\/470\/revisions"}],"predecessor-version":[{"id":1352,"href":"https:\/\/laparrandadeteror.com\/web\/wp-json\/wp\/v2\/posts\/470\/revisions\/1352"}],"wp:attachment":[{"href":"https:\/\/laparrandadeteror.com\/web\/wp-json\/wp\/v2\/media?parent=470"}],"wp:term":[{"taxonomy":"category","embeddable":true,"href":"https:\/\/laparrandadeteror.com\/web\/wp-json\/wp\/v2\/categories?post=470"},{"taxonomy":"post_tag","embeddable":true,"href":"https:\/\/laparrandadeteror.com\/web\/wp-json\/wp\/v2\/tags?post=470"}],"curies":[{"name":"wp","href":"https:\/\/api.w.org\/{rel}","templated":true}]}}