{"id":468,"date":"2007-08-25T13:15:35","date_gmt":"2007-08-25T11:15:35","guid":{"rendered":"https:\/\/laparrandadeteror.com\/web2019\/?p=468"},"modified":"2019-03-25T11:53:57","modified_gmt":"2019-03-25T10:53:57","slug":"serenata-a-los-balcones-2007","status":"publish","type":"post","link":"https:\/\/laparrandadeteror.com\/web\/serenata-a-los-balcones-2007\/","title":{"rendered":"SERENATA A LOS BALCONES. TEROR 2007"},"content":{"rendered":"<p>Como todos los a\u00f1os, la parranda partir\u00e1 del Queque, el pr\u00f3ximo viernes 31 de agosto, a eso de las 23:30 horas, despu\u00e9s del XIX Encuentro Teresa de Bol\u00edvar, en el que participar\u00e1n Clave de Son por Canarias y Alberto Cortez por Argentina, en la plaza del Pino. \u00a1An\u00edmense a una noche de parranda!<\/p>\n","protected":false},"excerpt":{"rendered":"<p>Como todos los a\u00f1os, la parranda partir\u00e1 del Queque, el pr\u00f3ximo viernes 31 de agosto, a eso de las 23:30 horas, despu\u00e9s del XIX Encuentro Teresa de Bol\u00edvar, en el que participar\u00e1n Clave de Son por Canarias y Alberto Cortez por Argentina, en la plaza del Pino. \u00a1An\u00edmense a una noche de parranda!<\/p>\n","protected":false},"author":1,"featured_media":0,"comment_status":"closed","ping_status":"closed","sticky":false,"template":"","format":"standard","meta":[],"categories":[2],"tags":[],"_links":{"self":[{"href":"https:\/\/laparrandadeteror.com\/web\/wp-json\/wp\/v2\/posts\/468"}],"collection":[{"href":"https:\/\/laparrandadeteror.com\/web\/wp-json\/wp\/v2\/posts"}],"about":[{"href":"https:\/\/laparrandadeteror.com\/web\/wp-json\/wp\/v2\/types\/post"}],"author":[{"embeddable":true,"href":"https:\/\/laparrandadeteror.com\/web\/wp-json\/wp\/v2\/users\/1"}],"replies":[{"embeddable":true,"href":"https:\/\/laparrandadeteror.com\/web\/wp-json\/wp\/v2\/comments?post=468"}],"version-history":[{"count":1,"href":"https:\/\/laparrandadeteror.com\/web\/wp-json\/wp\/v2\/posts\/468\/revisions"}],"predecessor-version":[{"id":1353,"href":"https:\/\/laparrandadeteror.com\/web\/wp-json\/wp\/v2\/posts\/468\/revisions\/1353"}],"wp:attachment":[{"href":"https:\/\/laparrandadeteror.com\/web\/wp-json\/wp\/v2\/media?parent=468"}],"wp:term":[{"taxonomy":"category","embeddable":true,"href":"https:\/\/laparrandadeteror.com\/web\/wp-json\/wp\/v2\/categories?post=468"},{"taxonomy":"post_tag","embeddable":true,"href":"https:\/\/laparrandadeteror.com\/web\/wp-json\/wp\/v2\/tags?post=468"}],"curies":[{"name":"wp","href":"https:\/\/api.w.org\/{rel}","templated":true}]}}