{"id":462,"date":"2007-05-24T13:13:58","date_gmt":"2007-05-24T11:13:58","guid":{"rendered":"https:\/\/laparrandadeteror.com\/web2019\/?p=462"},"modified":"2019-03-25T11:57:08","modified_gmt":"2019-03-25T10:57:08","slug":"dia-de-canarias-en-valleseco-2007","status":"publish","type":"post","link":"https:\/\/laparrandadeteror.com\/web\/dia-de-canarias-en-valleseco-2007\/","title":{"rendered":"CELEBRANDO EL D\u00cdA DE CANARIAS. BAILE DE TAIFA EN VALLESECO 2007"},"content":{"rendered":"<p>La v\u00edspera del d\u00eda de Canarias, 29 de mayo, tradicional baile de taifas<\/p>\n","protected":false},"excerpt":{"rendered":"<p>La v\u00edspera del d\u00eda de Canarias, 29 de mayo, tradicional baile de taifas<\/p>\n","protected":false},"author":1,"featured_media":0,"comment_status":"closed","ping_status":"closed","sticky":false,"template":"","format":"standard","meta":[],"categories":[2],"tags":[],"_links":{"self":[{"href":"https:\/\/laparrandadeteror.com\/web\/wp-json\/wp\/v2\/posts\/462"}],"collection":[{"href":"https:\/\/laparrandadeteror.com\/web\/wp-json\/wp\/v2\/posts"}],"about":[{"href":"https:\/\/laparrandadeteror.com\/web\/wp-json\/wp\/v2\/types\/post"}],"author":[{"embeddable":true,"href":"https:\/\/laparrandadeteror.com\/web\/wp-json\/wp\/v2\/users\/1"}],"replies":[{"embeddable":true,"href":"https:\/\/laparrandadeteror.com\/web\/wp-json\/wp\/v2\/comments?post=462"}],"version-history":[{"count":1,"href":"https:\/\/laparrandadeteror.com\/web\/wp-json\/wp\/v2\/posts\/462\/revisions"}],"predecessor-version":[{"id":1359,"href":"https:\/\/laparrandadeteror.com\/web\/wp-json\/wp\/v2\/posts\/462\/revisions\/1359"}],"wp:attachment":[{"href":"https:\/\/laparrandadeteror.com\/web\/wp-json\/wp\/v2\/media?parent=462"}],"wp:term":[{"taxonomy":"category","embeddable":true,"href":"https:\/\/laparrandadeteror.com\/web\/wp-json\/wp\/v2\/categories?post=462"},{"taxonomy":"post_tag","embeddable":true,"href":"https:\/\/laparrandadeteror.com\/web\/wp-json\/wp\/v2\/tags?post=462"}],"curies":[{"name":"wp","href":"https:\/\/api.w.org\/{rel}","templated":true}]}}