{"id":460,"date":"2007-03-26T13:12:24","date_gmt":"2007-03-26T11:12:24","guid":{"rendered":"https:\/\/laparrandadeteror.com\/web2019\/?p=460"},"modified":"2019-03-25T11:57:47","modified_gmt":"2019-03-25T10:57:47","slug":"memorial-diaz-cutillas-2007","status":"publish","type":"post","link":"https:\/\/laparrandadeteror.com\/web\/memorial-diaz-cutillas-2007\/","title":{"rendered":"MEMORIAL D\u00cdAZ CUTILLAS. TEROR 2007"},"content":{"rendered":"<p>La agrupaci\u00f3n folkl\u00f3rica Estrella y Gu\u00eda, junto con La Parranda de Teror,<br \/>\npresentaron el 25 de marzo en el auditorio de Teror el espect\u00e1culo \u00abEl porqu\u00e9 de mis canciones\u00bb, dedicado al centenario del nacimiento de N\u00e9stor \u00c1lamo, dentro del Memorial D\u00edaz Cutillas, y que estuvo organizado por la revista digital BienMeSabe.org<\/p>\n","protected":false},"excerpt":{"rendered":"<p>La agrupaci\u00f3n folkl\u00f3rica Estrella y Gu\u00eda, junto con La Parranda de Teror,presentaron el 25 de marzo en el auditorio de Teror el espect\u00e1culo \u00abEl porqu\u00e9 de mis canciones\u00bb, dedicado al centenario del nacimiento de N\u00e9stor \u00c1lamo, dentro del Memorial D\u00edaz Cutillas, y que estuvo organizado por la revista digital BienMeSabe.org<\/p>\n","protected":false},"author":1,"featured_media":0,"comment_status":"closed","ping_status":"closed","sticky":false,"template":"","format":"standard","meta":[],"categories":[2],"tags":[],"_links":{"self":[{"href":"https:\/\/laparrandadeteror.com\/web\/wp-json\/wp\/v2\/posts\/460"}],"collection":[{"href":"https:\/\/laparrandadeteror.com\/web\/wp-json\/wp\/v2\/posts"}],"about":[{"href":"https:\/\/laparrandadeteror.com\/web\/wp-json\/wp\/v2\/types\/post"}],"author":[{"embeddable":true,"href":"https:\/\/laparrandadeteror.com\/web\/wp-json\/wp\/v2\/users\/1"}],"replies":[{"embeddable":true,"href":"https:\/\/laparrandadeteror.com\/web\/wp-json\/wp\/v2\/comments?post=460"}],"version-history":[{"count":2,"href":"https:\/\/laparrandadeteror.com\/web\/wp-json\/wp\/v2\/posts\/460\/revisions"}],"predecessor-version":[{"id":1356,"href":"https:\/\/laparrandadeteror.com\/web\/wp-json\/wp\/v2\/posts\/460\/revisions\/1356"}],"wp:attachment":[{"href":"https:\/\/laparrandadeteror.com\/web\/wp-json\/wp\/v2\/media?parent=460"}],"wp:term":[{"taxonomy":"category","embeddable":true,"href":"https:\/\/laparrandadeteror.com\/web\/wp-json\/wp\/v2\/categories?post=460"},{"taxonomy":"post_tag","embeddable":true,"href":"https:\/\/laparrandadeteror.com\/web\/wp-json\/wp\/v2\/tags?post=460"}],"curies":[{"name":"wp","href":"https:\/\/api.w.org\/{rel}","templated":true}]}}