{"id":454,"date":"2018-05-24T12:58:47","date_gmt":"2018-05-24T10:58:47","guid":{"rendered":"https:\/\/laparrandadeteror.com\/web2019\/?p=454"},"modified":"2019-03-25T11:58:23","modified_gmt":"2019-03-25T10:58:23","slug":"grabacion-del-programa-de-tve-tenderete-2018","status":"publish","type":"post","link":"https:\/\/laparrandadeteror.com\/web\/grabacion-del-programa-de-tve-tenderete-2018\/","title":{"rendered":"GRABACI\u00d3N DEL PROGRAMA DE TVE &#8216;TENDERETE&#8217; EN ARBEJALES. TEROR 2018"},"content":{"rendered":"<p>Unos d\u00edas despu\u00e9s de haber colaborado con la Perink\u00e9 Big Band en la presentaci\u00f3n de su nuevo disco, estaremos actuando en la plaza de Arbejales, en Teror, junto al amigo acordeonista Miguel Afonso, el pr\u00f3ximo d\u00eda 1 de Junio de 2018. La grabaci\u00f3n comienza a las 21:00 y la entrada de p\u00fablico ser\u00e1 a las 20:30 horas. \u00a1Te esperamos!<\/p>\n","protected":false},"excerpt":{"rendered":"<p>Unos d\u00edas despu\u00e9s de haber colaborado con la Perink\u00e9 Big Band en la presentaci\u00f3n de su nuevo disco, estaremos actuando en la plaza de Arbejales, en Teror, junto al amigo acordeonista Miguel Afonso, el pr\u00f3ximo d\u00eda 1 de Junio de 2018. La grabaci\u00f3n comienza a las 21:00 y la entrada de p\u00fablico ser\u00e1 a las 20:30 horas. \u00a1Te esperamos!<\/p>\n","protected":false},"author":1,"featured_media":0,"comment_status":"closed","ping_status":"closed","sticky":false,"template":"","format":"standard","meta":[],"categories":[3],"tags":[],"_links":{"self":[{"href":"https:\/\/laparrandadeteror.com\/web\/wp-json\/wp\/v2\/posts\/454"}],"collection":[{"href":"https:\/\/laparrandadeteror.com\/web\/wp-json\/wp\/v2\/posts"}],"about":[{"href":"https:\/\/laparrandadeteror.com\/web\/wp-json\/wp\/v2\/types\/post"}],"author":[{"embeddable":true,"href":"https:\/\/laparrandadeteror.com\/web\/wp-json\/wp\/v2\/users\/1"}],"replies":[{"embeddable":true,"href":"https:\/\/laparrandadeteror.com\/web\/wp-json\/wp\/v2\/comments?post=454"}],"version-history":[{"count":2,"href":"https:\/\/laparrandadeteror.com\/web\/wp-json\/wp\/v2\/posts\/454\/revisions"}],"predecessor-version":[{"id":1361,"href":"https:\/\/laparrandadeteror.com\/web\/wp-json\/wp\/v2\/posts\/454\/revisions\/1361"}],"wp:attachment":[{"href":"https:\/\/laparrandadeteror.com\/web\/wp-json\/wp\/v2\/media?parent=454"}],"wp:term":[{"taxonomy":"category","embeddable":true,"href":"https:\/\/laparrandadeteror.com\/web\/wp-json\/wp\/v2\/categories?post=454"},{"taxonomy":"post_tag","embeddable":true,"href":"https:\/\/laparrandadeteror.com\/web\/wp-json\/wp\/v2\/tags?post=454"}],"curies":[{"name":"wp","href":"https:\/\/api.w.org\/{rel}","templated":true}]}}