{"id":450,"date":"2017-12-24T12:57:01","date_gmt":"2017-12-24T11:57:01","guid":{"rendered":"https:\/\/laparrandadeteror.com\/web2019\/?p=450"},"modified":"2019-03-25T11:59:11","modified_gmt":"2019-03-25T10:59:11","slug":"feliz-navidad-y-prospero-2017","status":"publish","type":"post","link":"https:\/\/laparrandadeteror.com\/web\/feliz-navidad-y-prospero-2017\/","title":{"rendered":"FELIZ NAVIDAD Y PR\u00d3SPERO A\u00d1O 2017"},"content":{"rendered":"<p><img loading=\"lazy\" class=\"alignnone size-medium wp-image-1364\" src=\"https:\/\/laparrandadeteror.com\/web\/wp-content\/uploads\/2019\/02\/LA-VACA-MARIPOSA-detalle-belen-Benjam\u00edn-Ram\u00edrez-300x150.jpeg\" alt=\"\" width=\"300\" height=\"150\" \/><\/p>\n<p>EL BECERRITO (LA VACA MARIPOSA)<\/p>\n<p>La vaca Mariposa<br \/>\ntuvo un tern\u00e9<br \/>\nun becerrito lindo<br \/>\ncomo un beb\u00e9,<br \/>\nd\u00e1melo papa\u00edto, dicen los ni\u00f1os<br \/>\ncuando lo ven nacer,<br \/>\ny ella lo esconde por los mogotes<br \/>\nque no se&#8230; la vaca mariposa<br \/>\ntuvo un tern\u00e9,<br \/>\nla sabana le ofrece reverdecer,<br \/>\nlos arroyitos todos<br \/>\nle llevan flores por el amanecer,<br \/>\ny ella lo esconde por los mogotes<br \/>\nque no s\u00e9&#8230;. la vaca Mariposa<br \/>\ntuvo un tern\u00e9,<br \/>\nY los pericos van<br \/>\ny el gavil\u00e1n tambi\u00e9n,<br \/>\ncon frutas criollas<br \/>\nhasta el caney para \u00e9l<br \/>\ny Mariposa est\u00e1<br \/>\nque no sabe qu\u00e9 hacer,<br \/>\nporque ella sabe<br \/>\nla suerte de \u00e9l.<br \/>\nLa vaca Mariposa tuvo<br \/>\nun tern\u00e9&#8230;&#8230;<\/p>\n<p>Letra y M\u00fasica: Sim\u00f3n D\u00edaz (1928-2014)<\/p>\n<p>Imagen: detalle del bel\u00e9n de Benjam\u00edn Ram\u00edrez<\/p>\n","protected":false},"excerpt":{"rendered":"<p>EL BECERRITO (LA VACA MARIPOSA) La vaca Mariposa \/\/ tuvo un tern\u00e9 \/\/ un becerrito lindo \/\/ como un beb\u00e9, \/\/d\u00e1melo papa\u00edto, \/\/ dicen los ni\u00f1os \/\/ cuando lo ven nacer, \/\/ y ella lo esconde por los mogotes \/\/ que no s\u00e9&#8230; la vaca mariposa \/\/ tuvo un tern\u00e9, \/\/la sabana le ofrece reverdecer, \/\/ los arroyitos todosle llevan flores por el amanecer,y ella lo esconde por los mogotesque no s\u00e9&#8230;. la vaca Mariposatuvo un tern\u00e9,Y los pericos vany el gavil\u00e1n tambi\u00e9n,con frutas criollashasta el caney para \u00e9ly Mariposa est\u00e1que no sabe qu\u00e9 hacer,porque ella sabela suerte de \u00e9l.La vaca Mariposa tuvoun tern\u00e9&#8230;&#8230;Letra y M\u00fasica: Sim\u00f3n D\u00edaz (1928-2014)<\/p>\n","protected":false},"author":1,"featured_media":0,"comment_status":"closed","ping_status":"closed","sticky":false,"template":"","format":"standard","meta":[],"categories":[3],"tags":[],"_links":{"self":[{"href":"https:\/\/laparrandadeteror.com\/web\/wp-json\/wp\/v2\/posts\/450"}],"collection":[{"href":"https:\/\/laparrandadeteror.com\/web\/wp-json\/wp\/v2\/posts"}],"about":[{"href":"https:\/\/laparrandadeteror.com\/web\/wp-json\/wp\/v2\/types\/post"}],"author":[{"embeddable":true,"href":"https:\/\/laparrandadeteror.com\/web\/wp-json\/wp\/v2\/users\/1"}],"replies":[{"embeddable":true,"href":"https:\/\/laparrandadeteror.com\/web\/wp-json\/wp\/v2\/comments?post=450"}],"version-history":[{"count":5,"href":"https:\/\/laparrandadeteror.com\/web\/wp-json\/wp\/v2\/posts\/450\/revisions"}],"predecessor-version":[{"id":1365,"href":"https:\/\/laparrandadeteror.com\/web\/wp-json\/wp\/v2\/posts\/450\/revisions\/1365"}],"wp:attachment":[{"href":"https:\/\/laparrandadeteror.com\/web\/wp-json\/wp\/v2\/media?parent=450"}],"wp:term":[{"taxonomy":"category","embeddable":true,"href":"https:\/\/laparrandadeteror.com\/web\/wp-json\/wp\/v2\/categories?post=450"},{"taxonomy":"post_tag","embeddable":true,"href":"https:\/\/laparrandadeteror.com\/web\/wp-json\/wp\/v2\/tags?post=450"}],"curies":[{"name":"wp","href":"https:\/\/api.w.org\/{rel}","templated":true}]}}