{"id":2026,"date":"2026-04-10T18:40:34","date_gmt":"2026-04-10T17:40:34","guid":{"rendered":"https:\/\/laparrandadeteror.com\/web\/?p=2026"},"modified":"2026-04-27T18:42:21","modified_gmt":"2026-04-27T17:42:21","slug":"feria-de-artesania-galdar-2026","status":"publish","type":"post","link":"https:\/\/laparrandadeteror.com\/web\/feria-de-artesania-galdar-2026\/","title":{"rendered":"IV FERIA DE ARTESAN\u00cdA G\u00c1LDAR 2026"},"content":{"rendered":"<p>El pr\u00f3ximo s\u00e1bado 18 de abril, sobre las 19:00 horas, estaremos en la plaza de Santiago de G\u00e1ldar amenizando la IV Feria Insular de artesan\u00eda. Te esperamos!<\/p>\n","protected":false},"excerpt":{"rendered":"<p>El pr\u00f3ximo s\u00e1bado 18 de abril, sobre las 19:00 horas, estaremos en la plaza de Santiago de G\u00e1ldar amenizando la IV Feria Insular de artesan\u00eda. Te esperamos!<\/p>\n","protected":false},"author":1,"featured_media":2023,"comment_status":"closed","ping_status":"open","sticky":false,"template":"","format":"standard","meta":[],"categories":[2],"tags":[],"_links":{"self":[{"href":"https:\/\/laparrandadeteror.com\/web\/wp-json\/wp\/v2\/posts\/2026"}],"collection":[{"href":"https:\/\/laparrandadeteror.com\/web\/wp-json\/wp\/v2\/posts"}],"about":[{"href":"https:\/\/laparrandadeteror.com\/web\/wp-json\/wp\/v2\/types\/post"}],"author":[{"embeddable":true,"href":"https:\/\/laparrandadeteror.com\/web\/wp-json\/wp\/v2\/users\/1"}],"replies":[{"embeddable":true,"href":"https:\/\/laparrandadeteror.com\/web\/wp-json\/wp\/v2\/comments?post=2026"}],"version-history":[{"count":2,"href":"https:\/\/laparrandadeteror.com\/web\/wp-json\/wp\/v2\/posts\/2026\/revisions"}],"predecessor-version":[{"id":2028,"href":"https:\/\/laparrandadeteror.com\/web\/wp-json\/wp\/v2\/posts\/2026\/revisions\/2028"}],"wp:featuredmedia":[{"embeddable":true,"href":"https:\/\/laparrandadeteror.com\/web\/wp-json\/wp\/v2\/media\/2023"}],"wp:attachment":[{"href":"https:\/\/laparrandadeteror.com\/web\/wp-json\/wp\/v2\/media?parent=2026"}],"wp:term":[{"taxonomy":"category","embeddable":true,"href":"https:\/\/laparrandadeteror.com\/web\/wp-json\/wp\/v2\/categories?post=2026"},{"taxonomy":"post_tag","embeddable":true,"href":"https:\/\/laparrandadeteror.com\/web\/wp-json\/wp\/v2\/tags?post=2026"}],"curies":[{"name":"wp","href":"https:\/\/api.w.org\/{rel}","templated":true}]}}