{"id":1962,"date":"2024-09-13T18:17:56","date_gmt":"2024-09-13T17:17:56","guid":{"rendered":"https:\/\/laparrandadeteror.com\/web\/?p=1962"},"modified":"2024-09-19T18:22:15","modified_gmt":"2024-09-19T17:22:15","slug":"35a-edicion-del-festival-teresa-de-bolivar-2024","status":"publish","type":"post","link":"https:\/\/laparrandadeteror.com\/web\/35a-edicion-del-festival-teresa-de-bolivar-2024\/","title":{"rendered":"35\u00aa Edici\u00f3n del Festival Teresa de Bol\u00edvar 2024"},"content":{"rendered":"<div class=\"xdj266r x11i5rnm xat24cr x1mh8g0r x1vvkbs x126k92a\">\n<div dir=\"auto\">Hola a tod@s! este fin de semana hemos tenido la magn\u00edfica oportunidad de subir al escenario de nuestro querido <span class=\"html-span xdj266r x11i5rnm xat24cr x1mh8g0r xexx8yu x4uap5 x18d9i69 xkhd6sd x1hl2dhg x16tdsg8 x1vvkbs\"><a class=\"x1i10hfl xjbqb8w x1ejq31n xd10rxx x1sy0etr x17r0tee x972fbf xcfux6l x1qhh985 xm0m39n x9f619 x1ypdohk xt0psk2 xe8uvvx xdj266r x11i5rnm xat24cr x1mh8g0r xexx8yu x4uap5 x18d9i69 xkhd6sd x16tdsg8 x1hl2dhg xggy1nq x1a2a7pz x1sur9pj xkrqix3 x1fey0fg x1s688f\" tabindex=\"0\" role=\"link\" href=\"https:\/\/www.facebook.com\/profile.php?id=61564976223736&amp;__cft__[0]=AZWzg6-T3KH-Hi7EhwjUADRw4xU1vA9QuXeQoJdFaNGyAC7W2A7p4Ar1Aw2N5jSVmPe54yY8Rvt9fXvqV_VzDvlkcU6Z4ObR5zyok_e0NZ86QL0gIyuk_tNBurISEs8N3sljtm2yyiU64umyMPbv7FEfLkDqSGtIozqzYqYsBsIOzBcFCdn-MNiVygLT72Od-sdIAis5yKV6KypKPU9YHThMPBrD4dyox4Faz4G5Bx7p2Q&amp;__tn__=-]K-R\"><span class=\"xt0psk2\">Festival Teresa Bol\u00edvar<\/span><\/a><\/span> y explorar un estilo musical diferente al que solemos interpretar. Fue un desaf\u00edo emocionante y enriquecedor que nos permiti\u00f3 experimentar algo nuevo y expandir nuestros horizontes. Agradecemos a <span class=\"html-span xdj266r x11i5rnm xat24cr x1mh8g0r xexx8yu x4uap5 x18d9i69 xkhd6sd x1hl2dhg x16tdsg8 x1vvkbs\"><a class=\"x1i10hfl xjbqb8w x1ejq31n xd10rxx x1sy0etr x17r0tee x972fbf xcfux6l x1qhh985 xm0m39n x9f619 x1ypdohk xt0psk2 xe8uvvx xdj266r x11i5rnm xat24cr x1mh8g0r xexx8yu x4uap5 x18d9i69 xkhd6sd x16tdsg8 x1hl2dhg xggy1nq x1a2a7pz x1sur9pj xkrqix3 x1fey0fg x1s688f\" tabindex=\"0\" role=\"link\" href=\"https:\/\/www.facebook.com\/lajaladamusic?__cft__[0]=AZWzg6-T3KH-Hi7EhwjUADRw4xU1vA9QuXeQoJdFaNGyAC7W2A7p4Ar1Aw2N5jSVmPe54yY8Rvt9fXvqV_VzDvlkcU6Z4ObR5zyok_e0NZ86QL0gIyuk_tNBurISEs8N3sljtm2yyiU64umyMPbv7FEfLkDqSGtIozqzYqYsBsIOzBcFCdn-MNiVygLT72Od-sdIAis5yKV6KypKPU9YHThMPBrD4dyox4Faz4G5Bx7p2Q&amp;__tn__=-]K-R\"><span class=\"xt0psk2\">LAJALADA<\/span><\/a><\/span> y Ner Suarez Alvarez que hayan querido contar con nosotros en esta maravillosa aventura y a todos los que nos animaron a afrontar este reto musical. \u00a1Nos vemos pronto con m\u00e1s m\u00fasica y sorpresas!<span class=\"html-span xexx8yu x4uap5 x18d9i69 xkhd6sd x1hl2dhg x16tdsg8 x1vvkbs x3nfvp2 x1j61x8r x1fcty0u xdj266r xat24cr xgzva0m xhhsvwb xxymvpz xlup9mm x1kky2od\"><img loading=\"lazy\" class=\"xz74otr\" src=\"https:\/\/static.xx.fbcdn.net\/images\/emoji.php\/v9\/t6c\/1\/16\/2764.png\" alt=\"\u2764\ufe0f\" width=\"16\" height=\"16\" \/><\/span><span class=\"html-span xexx8yu x4uap5 x18d9i69 xkhd6sd x1hl2dhg x16tdsg8 x1vvkbs x3nfvp2 x1j61x8r x1fcty0u xdj266r xat24cr xgzva0m xhhsvwb xxymvpz xlup9mm x1kky2od\"><img loading=\"lazy\" class=\"xz74otr\" src=\"https:\/\/static.xx.fbcdn.net\/images\/emoji.php\/v9\/t33\/1\/16\/1f319.png\" alt=\"\ud83c\udf19\" width=\"16\" height=\"16\" \/><\/span><\/div>\n<\/div>\n<div dir=\"auto\"><img loading=\"lazy\" class=\"alignnone size-medium wp-image-1960\" src=\"https:\/\/laparrandadeteror.com\/web\/wp-content\/uploads\/2024\/06\/Cartel-35o-Festival-Teresa-de-Bolivar-213x300.jpg\" alt=\"\" width=\"213\" height=\"300\" srcset=\"https:\/\/laparrandadeteror.com\/web\/wp-content\/uploads\/2024\/06\/Cartel-35o-Festival-Teresa-de-Bolivar-213x300.jpg 213w, https:\/\/laparrandadeteror.com\/web\/wp-content\/uploads\/2024\/06\/Cartel-35o-Festival-Teresa-de-Bolivar-726x1024.jpg 726w, https:\/\/laparrandadeteror.com\/web\/wp-content\/uploads\/2024\/06\/Cartel-35o-Festival-Teresa-de-Bolivar-768x1083.jpg 768w, https:\/\/laparrandadeteror.com\/web\/wp-content\/uploads\/2024\/06\/Cartel-35o-Festival-Teresa-de-Bolivar-1089x1536.jpg 1089w, https:\/\/laparrandadeteror.com\/web\/wp-content\/uploads\/2024\/06\/Cartel-35o-Festival-Teresa-de-Bolivar-461x650.jpg 461w, https:\/\/laparrandadeteror.com\/web\/wp-content\/uploads\/2024\/06\/Cartel-35o-Festival-Teresa-de-Bolivar.jpg 1170w\" sizes=\"(max-width: 213px) 100vw, 213px\" \/><\/div>\n<div class=\"x11i5rnm xat24cr x1mh8g0r x1vvkbs xtlvy1s x126k92a\">\n<div dir=\"auto\">\n<p><a href=\"https:\/\/www.canarias7.es\/cultura\/musica\/lajalada-parranda-teror-coctel-explosivo-estrena-encuentro-20240804224533-nt.html\">https:\/\/www.canarias7.es\/cultura\/musica\/lajalada-parranda-teror-coctel-explosivo-estrena-encuentro-20240804224533-nt.html<\/a><\/p>\n<\/div>\n<\/div>\n","protected":false},"excerpt":{"rendered":"<p>Hola a tod@s! este fin de semana hemos tenido la magn\u00edfica oportunidad de subir al escenario de nuestro querido Festival Teresa Bol\u00edvar y explorar un estilo musical diferente al que solemos interpretar. Fue un desaf\u00edo emocionante y enriquecedor que nos permiti\u00f3 experimentar algo nuevo y expandir nuestros horizontes. Agradecemos a LAJALADA y Ner Suarez Alvarez [&hellip;]<\/p>\n","protected":false},"author":1,"featured_media":1946,"comment_status":"closed","ping_status":"open","sticky":false,"template":"","format":"standard","meta":[],"categories":[2],"tags":[],"_links":{"self":[{"href":"https:\/\/laparrandadeteror.com\/web\/wp-json\/wp\/v2\/posts\/1962"}],"collection":[{"href":"https:\/\/laparrandadeteror.com\/web\/wp-json\/wp\/v2\/posts"}],"about":[{"href":"https:\/\/laparrandadeteror.com\/web\/wp-json\/wp\/v2\/types\/post"}],"author":[{"embeddable":true,"href":"https:\/\/laparrandadeteror.com\/web\/wp-json\/wp\/v2\/users\/1"}],"replies":[{"embeddable":true,"href":"https:\/\/laparrandadeteror.com\/web\/wp-json\/wp\/v2\/comments?post=1962"}],"version-history":[{"count":2,"href":"https:\/\/laparrandadeteror.com\/web\/wp-json\/wp\/v2\/posts\/1962\/revisions"}],"predecessor-version":[{"id":1964,"href":"https:\/\/laparrandadeteror.com\/web\/wp-json\/wp\/v2\/posts\/1962\/revisions\/1964"}],"wp:featuredmedia":[{"embeddable":true,"href":"https:\/\/laparrandadeteror.com\/web\/wp-json\/wp\/v2\/media\/1946"}],"wp:attachment":[{"href":"https:\/\/laparrandadeteror.com\/web\/wp-json\/wp\/v2\/media?parent=1962"}],"wp:term":[{"taxonomy":"category","embeddable":true,"href":"https:\/\/laparrandadeteror.com\/web\/wp-json\/wp\/v2\/categories?post=1962"},{"taxonomy":"post_tag","embeddable":true,"href":"https:\/\/laparrandadeteror.com\/web\/wp-json\/wp\/v2\/tags?post=1962"}],"curies":[{"name":"wp","href":"https:\/\/api.w.org\/{rel}","templated":true}]}}