{"id":1848,"date":"2022-09-02T18:58:06","date_gmt":"2022-09-02T17:58:06","guid":{"rendered":"https:\/\/laparrandadeteror.com\/web\/?p=1848"},"modified":"2022-09-02T18:58:06","modified_gmt":"2022-09-02T17:58:06","slug":"serenata-a-los-balcones-2022","status":"publish","type":"post","link":"https:\/\/laparrandadeteror.com\/web\/serenata-a-los-balcones-2022\/","title":{"rendered":"Serenata a los Balcones 2022"},"content":{"rendered":"<p>Si eres nuevo en Teror y avanzada la noche ves venir a toda esta gente caminando hacia tu casa, \u00a1qu\u00e9 no cunda el p\u00e1nico!\ud83d\ude31S\u00f3lo quieren cantar bajo tu balc\u00f3n y despu\u00e9s se ir\u00e1n&#8230; Desde 1989 nos hemos propuesto mantener viva la esencia de \u00abLa Serenata a los Balcones\u00bb, sin horario ni gui\u00f3n definido, participativo e informal pero respetuosos con nuestra tradici\u00f3n. Ser\u00e1 esta noche a partir de las 23:00 horas&#8230;m\u00e1s o menos. \u00a1Nos vemos en Teror!\ud83c\udf19\u2764<\/p>\n","protected":false},"excerpt":{"rendered":"<p>Si eres nuevo en Teror y avanzada la noche ves venir a toda esta gente caminando hacia tu casa, \u00a1qu\u00e9 no cunda el p\u00e1nico!\ud83d\ude31S\u00f3lo quieren cantar bajo tu balc\u00f3n y despu\u00e9s se ir\u00e1n&#8230; Desde 1989 nos hemos propuesto mantener viva la esencia de \u00abLa Serenata a los Balcones\u00bb, sin horario ni gui\u00f3n definido, participativo e [&hellip;]<\/p>\n","protected":false},"author":1,"featured_media":1849,"comment_status":"closed","ping_status":"open","sticky":false,"template":"","format":"standard","meta":[],"categories":[2],"tags":[],"_links":{"self":[{"href":"https:\/\/laparrandadeteror.com\/web\/wp-json\/wp\/v2\/posts\/1848"}],"collection":[{"href":"https:\/\/laparrandadeteror.com\/web\/wp-json\/wp\/v2\/posts"}],"about":[{"href":"https:\/\/laparrandadeteror.com\/web\/wp-json\/wp\/v2\/types\/post"}],"author":[{"embeddable":true,"href":"https:\/\/laparrandadeteror.com\/web\/wp-json\/wp\/v2\/users\/1"}],"replies":[{"embeddable":true,"href":"https:\/\/laparrandadeteror.com\/web\/wp-json\/wp\/v2\/comments?post=1848"}],"version-history":[{"count":1,"href":"https:\/\/laparrandadeteror.com\/web\/wp-json\/wp\/v2\/posts\/1848\/revisions"}],"predecessor-version":[{"id":1850,"href":"https:\/\/laparrandadeteror.com\/web\/wp-json\/wp\/v2\/posts\/1848\/revisions\/1850"}],"wp:featuredmedia":[{"embeddable":true,"href":"https:\/\/laparrandadeteror.com\/web\/wp-json\/wp\/v2\/media\/1849"}],"wp:attachment":[{"href":"https:\/\/laparrandadeteror.com\/web\/wp-json\/wp\/v2\/media?parent=1848"}],"wp:term":[{"taxonomy":"category","embeddable":true,"href":"https:\/\/laparrandadeteror.com\/web\/wp-json\/wp\/v2\/categories?post=1848"},{"taxonomy":"post_tag","embeddable":true,"href":"https:\/\/laparrandadeteror.com\/web\/wp-json\/wp\/v2\/tags?post=1848"}],"curies":[{"name":"wp","href":"https:\/\/api.w.org\/{rel}","templated":true}]}}