{"id":1826,"date":"2022-05-25T20:36:36","date_gmt":"2022-05-25T19:36:36","guid":{"rendered":"https:\/\/laparrandadeteror.com\/web\/?p=1826"},"modified":"2022-07-04T20:37:28","modified_gmt":"2022-07-04T19:37:28","slug":"concierto-en-agaete-dia-de-canarias-2022","status":"publish","type":"post","link":"https:\/\/laparrandadeteror.com\/web\/concierto-en-agaete-dia-de-canarias-2022\/","title":{"rendered":"CONCIERTO EN AGAETE &#8211; DIA DE CANARIAS 2022"},"content":{"rendered":"<p>\u00a1Nos vemos en Agaete! Nos complace anunciar nuestra pr\u00f3xima actuaci\u00f3n en este bonito pueblo, que nos vuelve a abrir sus puertas para compartir juntos una noche de m\u00fasica popular y canariedad. Ser\u00e1 el pr\u00f3ximo domingo 29 de mayo a partir de las 21:00 horas. \u00a1Lo pasaremos bien!.<span class=\"pq6dq46d tbxw36s4 knj5qynh kvgmc6g5 ditlmg2l oygrvhab nvdbi5me sf5mxxl7 gl3lb2sf hhz5lgdu\"><img loading=\"lazy\" src=\"https:\/\/static.xx.fbcdn.net\/images\/emoji.php\/v9\/t33\/1\/16\/1f319.png\" alt=\"\ud83c\udf19\" width=\"16\" height=\"16\" \/><\/span><\/p>\n<p><img loading=\"lazy\" class=\"alignnone size-medium wp-image-1815\" src=\"https:\/\/laparrandadeteror.com\/web\/wp-content\/uploads\/2022\/05\/20220529-Cartel-Concierto-Dia-de-Canarias-Agaete-definitivo-correo-214x300.jpg\" alt=\"\" width=\"214\" height=\"300\" srcset=\"https:\/\/laparrandadeteror.com\/web\/wp-content\/uploads\/2022\/05\/20220529-Cartel-Concierto-Dia-de-Canarias-Agaete-definitivo-correo-214x300.jpg 214w, https:\/\/laparrandadeteror.com\/web\/wp-content\/uploads\/2022\/05\/20220529-Cartel-Concierto-Dia-de-Canarias-Agaete-definitivo-correo-768x1076.jpg 768w, https:\/\/laparrandadeteror.com\/web\/wp-content\/uploads\/2022\/05\/20220529-Cartel-Concierto-Dia-de-Canarias-Agaete-definitivo-correo-731x1024.jpg 731w, https:\/\/laparrandadeteror.com\/web\/wp-content\/uploads\/2022\/05\/20220529-Cartel-Concierto-Dia-de-Canarias-Agaete-definitivo-correo-1097x1536.jpg 1097w, https:\/\/laparrandadeteror.com\/web\/wp-content\/uploads\/2022\/05\/20220529-Cartel-Concierto-Dia-de-Canarias-Agaete-definitivo-correo-464x650.jpg 464w, https:\/\/laparrandadeteror.com\/web\/wp-content\/uploads\/2022\/05\/20220529-Cartel-Concierto-Dia-de-Canarias-Agaete-definitivo-correo.jpg 1223w\" sizes=\"(max-width: 214px) 100vw, 214px\" \/><\/p>\n","protected":false},"excerpt":{"rendered":"<p>\u00a1Nos vemos en Agaete! Nos complace anunciar nuestra pr\u00f3xima actuaci\u00f3n en este bonito pueblo, que nos vuelve a abrir sus puertas para compartir juntos una noche de m\u00fasica popular y canariedad. Ser\u00e1 el pr\u00f3ximo domingo 29 de mayo a partir de las 21:00 horas. \u00a1Lo pasaremos bien!.<\/p>\n","protected":false},"author":1,"featured_media":0,"comment_status":"closed","ping_status":"open","sticky":false,"template":"","format":"standard","meta":[],"categories":[2],"tags":[],"_links":{"self":[{"href":"https:\/\/laparrandadeteror.com\/web\/wp-json\/wp\/v2\/posts\/1826"}],"collection":[{"href":"https:\/\/laparrandadeteror.com\/web\/wp-json\/wp\/v2\/posts"}],"about":[{"href":"https:\/\/laparrandadeteror.com\/web\/wp-json\/wp\/v2\/types\/post"}],"author":[{"embeddable":true,"href":"https:\/\/laparrandadeteror.com\/web\/wp-json\/wp\/v2\/users\/1"}],"replies":[{"embeddable":true,"href":"https:\/\/laparrandadeteror.com\/web\/wp-json\/wp\/v2\/comments?post=1826"}],"version-history":[{"count":1,"href":"https:\/\/laparrandadeteror.com\/web\/wp-json\/wp\/v2\/posts\/1826\/revisions"}],"predecessor-version":[{"id":1827,"href":"https:\/\/laparrandadeteror.com\/web\/wp-json\/wp\/v2\/posts\/1826\/revisions\/1827"}],"wp:attachment":[{"href":"https:\/\/laparrandadeteror.com\/web\/wp-json\/wp\/v2\/media?parent=1826"}],"wp:term":[{"taxonomy":"category","embeddable":true,"href":"https:\/\/laparrandadeteror.com\/web\/wp-json\/wp\/v2\/categories?post=1826"},{"taxonomy":"post_tag","embeddable":true,"href":"https:\/\/laparrandadeteror.com\/web\/wp-json\/wp\/v2\/tags?post=1826"}],"curies":[{"name":"wp","href":"https:\/\/api.w.org\/{rel}","templated":true}]}}