{"id":1767,"date":"2021-07-17T09:03:22","date_gmt":"2021-07-17T08:03:22","guid":{"rendered":"https:\/\/laparrandadeteror.com\/web\/?p=1767"},"modified":"2021-09-09T09:04:35","modified_gmt":"2021-09-09T08:04:35","slug":"fiesta-del-agua-2021","status":"publish","type":"post","link":"https:\/\/laparrandadeteror.com\/web\/fiesta-del-agua-2021\/","title":{"rendered":"FIESTA DEL AGUA 2021"},"content":{"rendered":"<p><b>El pr\u00f3ximo s\u00e1bado 17 de julio de 2021, despu\u00e9s de la Misa de Campa\u00f1a en honor a San Isidro Labragor, amenizaremos la ofrenda de los barrios de Teror. \u00a1Te esperamos!<\/b><\/p>\n<p><strong>La Ofrenda de los barrios de Teror a San Isidro Labrador\u00a0<\/strong>\u00a0estar\u00e1 presentada por Israel Acevedo y contar\u00e1 con las representaciones de los barrios del municipio, que entregar\u00e1n sus ofrendas a la Bas\u00edlica del Pino Pino para destinarlas\u00a0 a las familias m\u00e1s necesitadas a trav\u00e9s de C\u00e1ritas Diocesana.<\/p>\n<p>En este a\u00f1o 2021, y a causa de la Pandemia por la Covid 19, no se realizar\u00e1 la romer\u00eda como en ediciones anteriores, el evento contar\u00e1 con las m\u00e1ximas medidas de seguridad y Protecci\u00f3n ante la Pandemia por la Covid 19.<\/p>\n<p>Entradas: Gratuitas hasta completar aforo en el portal de entradas entrees.es<\/p>\n","protected":false},"excerpt":{"rendered":"<p>El pr\u00f3ximo s\u00e1bado 17 de julio de 2021, despu\u00e9s de la Misa de Campa\u00f1a en honor a San Isidro Labragor, amenizaremos la ofrenda de los barrios de Teror. \u00a1Te esperamos! La Ofrenda de los barrios de Teror a San Isidro Labrador\u00a0\u00a0estar\u00e1 presentada por Israel Acevedo y contar\u00e1 con las representaciones de los barrios del municipio, [&hellip;]<\/p>\n","protected":false},"author":1,"featured_media":0,"comment_status":"closed","ping_status":"open","sticky":false,"template":"","format":"standard","meta":[],"categories":[2],"tags":[],"_links":{"self":[{"href":"https:\/\/laparrandadeteror.com\/web\/wp-json\/wp\/v2\/posts\/1767"}],"collection":[{"href":"https:\/\/laparrandadeteror.com\/web\/wp-json\/wp\/v2\/posts"}],"about":[{"href":"https:\/\/laparrandadeteror.com\/web\/wp-json\/wp\/v2\/types\/post"}],"author":[{"embeddable":true,"href":"https:\/\/laparrandadeteror.com\/web\/wp-json\/wp\/v2\/users\/1"}],"replies":[{"embeddable":true,"href":"https:\/\/laparrandadeteror.com\/web\/wp-json\/wp\/v2\/comments?post=1767"}],"version-history":[{"count":1,"href":"https:\/\/laparrandadeteror.com\/web\/wp-json\/wp\/v2\/posts\/1767\/revisions"}],"predecessor-version":[{"id":1768,"href":"https:\/\/laparrandadeteror.com\/web\/wp-json\/wp\/v2\/posts\/1767\/revisions\/1768"}],"wp:attachment":[{"href":"https:\/\/laparrandadeteror.com\/web\/wp-json\/wp\/v2\/media?parent=1767"}],"wp:term":[{"taxonomy":"category","embeddable":true,"href":"https:\/\/laparrandadeteror.com\/web\/wp-json\/wp\/v2\/categories?post=1767"},{"taxonomy":"post_tag","embeddable":true,"href":"https:\/\/laparrandadeteror.com\/web\/wp-json\/wp\/v2\/tags?post=1767"}],"curies":[{"name":"wp","href":"https:\/\/api.w.org\/{rel}","templated":true}]}}